{"id":2713,"date":"2025-08-21T10:40:47","date_gmt":"2025-08-21T16:40:47","guid":{"rendered":"https:\/\/enamoratedemexico.mx\/?p=2713"},"modified":"2025-09-01T19:16:36","modified_gmt":"2025-09-02T01:16:36","slug":"noche-de-muertos","status":"publish","type":"post","link":"https:\/\/enamoratedemexico.mx\/en\/noche-de-muertos\/","title":{"rendered":"Noche de Muertos"},"content":{"rendered":"<figure class=\"wp-block-gallery alignwide has-nested-images columns-default is-cropped wp-block-gallery-1 is-layout-flex wp-block-gallery-is-layout-flex\"><\/figure>\n\n\n\n<h1 class=\"wp-block-heading has-text-color has-link-color wp-elements-8b0720494779caa61f3e059c1142515f\" id=\"h-itinerario\" style=\"color:#e41a4a\">Itinerary<\/h1>\n\n\n\n<p class=\"has-black-color has-text-color has-link-color wp-elements-fef3f734b7c1a4aecc7cfd6faf56a8c7\">\u2192<strong>11:45 am<\/strong> Join us in the main door of the Cathedral on Madero Av. (in case the\navenue is closed<br>the meeting point will change, you will be notified via<br>WhatsApp,\nthe WhatsApp group will be created 1 day prior to the tour, to give you<br>recommendations and the last details of the trip).<\/p>\n\n\n\n<p class=\"has-black-color has-text-color has-link-color wp-elements-9ac00cf961d1ea846fe5a532228b76c6\"><\/p>\n\n\n\n<p>\u2192<strong>12:00 pm<\/strong> Salida rumbo a Quiroga. (No se realizar\u00e1n paradas hasta Quiroga).<\/p>\n\n\n\n<p>\u2192<strong>01:30 pm<\/strong> Approximate arrival time at Quiroga (you can go eat wherever you prefer).<\/p>\n\n\n\n<p>\u2192<strong>03:00 pm<\/strong> Salida puntual rumbo a Santa Fe de la Laguna.<\/p>\n\n\n\n<p>\u2192<strong>03:30 pm<\/strong> Approximate arrival time at Santa Fe de la Laguna (There will be a\nguided tour).<\/p>\n\n\n\n<p>\u2192<strong>04:30<\/strong> We go back to our transport to go to our third spot, Tzintzuntzan.<\/p>\n\n\n\n<p>\u2192<strong>05:30 pm<\/strong> Arrival in Tzintzuntzan: Tour of the Atrium of the Olive Trees, the<br>former convent, the temple, and the cemetery; as well as learning about the local artisan techniques<br>traditions, and activities<\/p>\n\n\n\n<p class=\"has-black-color has-text-color has-link-color wp-elements-b1020304897b334b630a4ad53c332585\">\u2192<strong>09:00 pm<\/strong> Departure to the pier.<\/p>\n\n\n\n<p class=\"has-black-color has-text-color has-link-color wp-elements-a3eb2ecefa858feb48eff280d9abd891\">\u2192<strong>10:30 pm<\/strong> Approximate arrival time to the Ucazanaztacua Pier, there will be a boat tour, dinner<br>included at the pier, some time to take photos.<\/p>\n\n\n\n<p class=\"has-black-color has-text-color has-link-color wp-elements-9ac00cf961d1ea846fe5a532228b76c6\"><\/p>\n\n\n\n<p class=\"has-black-color has-text-color has-link-color wp-elements-56b290dcadc74d823d354bf5daa1c5b5\">\u2192<strong>03:30 am<\/strong> Return to Morelia.<\/p>\n\n\n\n<p class=\"has-text-color has-link-color wp-elements-25448a0f8da4f512b031cfb45df7ed31\" style=\"color:#e41a4a\">\ud83d\udc49<strong>END OF OUR SERVICES<\/strong><\/p>\n\n\n\n<p><strong><br>Cost: $800 USD per person (Children ages 3 and older pay full fare).<\/strong><\/p>\n\n\n\n<h3 class=\"wp-block-heading has-text-color has-link-color wp-elements-14211eb8073ecfe55d80451202a8a950\" id=\"h-incluye\" style=\"color:#e41a4a\">Includes:<\/h3>\n\n\n\n<p>\u2705Round-trip transportation<\/p>\n\n\n\n<p>\u2705transfer to tourist spots<\/p>\n\n\n\n<p>\u2705 Guide during the tour<\/p>\n\n\n\n<p>\u2705tour guide during the trip-offering to live in the communities<\/p>\n\n\n\n<p>\u2705boat tour<\/p>\n\n\n\n<p>\u2705dinner at the Ucazanaztacua pier<\/p>\n\n\n\n<p>\u2705Tour coordinator<\/p>\n\n\n\n<p>\u23f1<strong> <em>Approximate schedules depending on local traffic during festivities.<\/em><\/strong><\/p>\n\n\n\n<p>ITINERARY SUBJECT TO CHANGE DEPENDING ON LOCAL CONDITIONS.<\/p>\n\n\n\n<p class=\"has-background\" style=\"background-color:#abb7c22e\">\ud83d\udccc<strong><em>SUGGESTIONS: <\/em>The climate in the area is cold and humid, so make sure you wear appropriate clothing and footwear. DON'T<\/strong> <strong>FORGET TO BRING YOUR RAINCOAT. If you are traveling with minors, bear in mind that during this season, travel times from one community to another are longer than indicated. Keep an eye on minors at all times. There may be changes to the program without prior notice. Bring sunscreen\/a hat to<br>protect yourself from the midday sun, a portable battery for your cell phone, a camera, and a small backpack to carry your belongings at all times.<\/strong><\/p>\n\n\n\n<p class=\"has-background\" style=\"background-color:#abb7c22e\">\ud83d\udccc<strong><em>IMPORTANT NOTE: ALL RESERVATIONS INCUR CHARGES FOR CHANGES AND\/OR CANCELLATIONS, PURSUANT TO ARTICLE 56 OF THE FEDERAL CONSUMER PROTECTION LAW.<\/em><\/strong>.<\/p>\n\n\n\n<figure class=\"wp-block-gallery has-nested-images columns-default is-cropped wp-block-gallery-2 is-layout-flex wp-block-gallery-is-layout-flex\"><\/figure>\n\n\n\n<div class=\"wp-block-columns is-layout-flex wp-container-core-columns-is-layout-9d6595d7 wp-block-columns-is-layout-flex\">\n<div class=\"wp-block-column is-layout-flow wp-block-column-is-layout-flow\">\n<figure class=\"wp-block-image size-full\"><img fetchpriority=\"high\" decoding=\"async\" width=\"1600\" height=\"900\" src=\"https:\/\/enamoratedemexico.mx\/wp-content\/uploads\/2025\/08\/m2.jpg\" alt=\"\" class=\"wp-image-3188\" srcset=\"https:\/\/enamoratedemexico.mx\/wp-content\/uploads\/2025\/08\/m2.jpg 1600w, https:\/\/enamoratedemexico.mx\/wp-content\/uploads\/2025\/08\/m2-300x169.jpg 300w, https:\/\/enamoratedemexico.mx\/wp-content\/uploads\/2025\/08\/m2-1024x576.jpg 1024w, https:\/\/enamoratedemexico.mx\/wp-content\/uploads\/2025\/08\/m2-768x432.jpg 768w, https:\/\/enamoratedemexico.mx\/wp-content\/uploads\/2025\/08\/m2-1536x864.jpg 1536w, https:\/\/enamoratedemexico.mx\/wp-content\/uploads\/2025\/08\/m2-18x10.jpg 18w\" sizes=\"(max-width: 1600px) 100vw, 1600px\" \/><figcaption class=\"wp-element-caption\">Noche de Muertos<\/figcaption><\/figure>\n<\/div>\n\n\n\n<div class=\"wp-block-column is-layout-flow wp-block-column-is-layout-flow\">\n<figure class=\"wp-block-image size-full\"><img decoding=\"async\" width=\"1600\" height=\"900\" src=\"https:\/\/enamoratedemexico.mx\/wp-content\/uploads\/2025\/08\/m3.jpg\" alt=\"\" class=\"wp-image-3189\" srcset=\"https:\/\/enamoratedemexico.mx\/wp-content\/uploads\/2025\/08\/m3.jpg 1600w, https:\/\/enamoratedemexico.mx\/wp-content\/uploads\/2025\/08\/m3-300x169.jpg 300w, https:\/\/enamoratedemexico.mx\/wp-content\/uploads\/2025\/08\/m3-1024x576.jpg 1024w, https:\/\/enamoratedemexico.mx\/wp-content\/uploads\/2025\/08\/m3-768x432.jpg 768w, https:\/\/enamoratedemexico.mx\/wp-content\/uploads\/2025\/08\/m3-1536x864.jpg 1536w, https:\/\/enamoratedemexico.mx\/wp-content\/uploads\/2025\/08\/m3-18x10.jpg 18w\" sizes=\"(max-width: 1600px) 100vw, 1600px\" \/><figcaption class=\"wp-element-caption\">Noche de Muertos<\/figcaption><\/figure>\n<\/div>\n\n\n\n<div class=\"wp-block-column is-layout-flow wp-block-column-is-layout-flow\">\n<figure class=\"wp-block-image size-full\"><img decoding=\"async\" width=\"1600\" height=\"900\" src=\"https:\/\/enamoratedemexico.mx\/wp-content\/uploads\/2025\/08\/m1.jpg\" alt=\"\" class=\"wp-image-3186\" srcset=\"https:\/\/enamoratedemexico.mx\/wp-content\/uploads\/2025\/08\/m1.jpg 1600w, https:\/\/enamoratedemexico.mx\/wp-content\/uploads\/2025\/08\/m1-300x169.jpg 300w, https:\/\/enamoratedemexico.mx\/wp-content\/uploads\/2025\/08\/m1-1024x576.jpg 1024w, https:\/\/enamoratedemexico.mx\/wp-content\/uploads\/2025\/08\/m1-768x432.jpg 768w, https:\/\/enamoratedemexico.mx\/wp-content\/uploads\/2025\/08\/m1-1536x864.jpg 1536w, https:\/\/enamoratedemexico.mx\/wp-content\/uploads\/2025\/08\/m1-18x10.jpg 18w\" sizes=\"(max-width: 1600px) 100vw, 1600px\" \/><figcaption class=\"wp-element-caption\">Noche de Muertos<\/figcaption><\/figure>\n<\/div>\n<\/div>\n\n\n\n<p><\/p>","protected":false},"excerpt":{"rendered":"<p>Itinerario \u219211:45 am Cita puerta principal catedral sobre Av. Madero (en caso que est\u00e9 cerrada lavialidad se cambiar\u00e1 el punto de reuni\u00f3n y el cambio se les notificar\u00e1 por medio delgrupo de whatsapp, grupo que se realiza 1 d\u00eda antes de la salida del tour para darsugerencias y \u00faltimos detalles de la salida). \u219212:00 pm [&hellip;]<\/p>","protected":false},"author":3,"featured_media":3118,"comment_status":"closed","ping_status":"open","sticky":false,"template":"","format":"standard","meta":{"inline_featured_image":false,"footnotes":""},"categories":[1],"tags":[15],"class_list":["post-2713","post","type-post","status-publish","format-standard","has-post-thumbnail","hentry","category-blog","tag-circuito"],"yoast_head":"<!-- This site is optimized with the Yoast SEO Premium plugin v21.9 (Yoast SEO v21.9.1) - https:\/\/yoast.com\/wordpress\/plugins\/seo\/ -->\n<title>Noche de Muertos<\/title>\n<meta name=\"description\" content=\"\u219211:45 am Cita puerta principal catedral sobre Av. Madero (en caso que est\u00e9 cerrada lavialidad se cambiar\u00e1 el punto de reuni\u00f3n y el cambio se les notificar\u00e1 por medio delgrupo de whatsapp, grupo que se realiza 1 d\u00eda antes de la salida del tour para darsugerencias y \u00faltimos detalles de la salida).\" \/>\n<meta name=\"robots\" content=\"index, follow, max-snippet:-1, max-image-preview:large, max-video-preview:-1\" \/>\n<link rel=\"canonical\" href=\"https:\/\/enamoratedemexico.mx\/en\/noche-de-muertos\/\" \/>\n<meta property=\"og:locale\" content=\"en_US\" \/>\n<meta property=\"og:type\" content=\"article\" \/>\n<meta property=\"og:title\" content=\"Noche de Muertos\" \/>\n<meta property=\"og:description\" content=\"\u219211:45 am Cita puerta principal catedral sobre Av. Madero (en caso que est\u00e9 cerrada lavialidad se cambiar\u00e1 el punto de reuni\u00f3n y el cambio se les notificar\u00e1 por medio delgrupo de whatsapp, grupo que se realiza 1 d\u00eda antes de la salida del tour para darsugerencias y \u00faltimos detalles de la salida).\" \/>\n<meta property=\"og:url\" content=\"https:\/\/enamoratedemexico.mx\/en\/noche-de-muertos\/\" \/>\n<meta property=\"og:site_name\" content=\"Enam\u00f3rate de M\u00e9xico\" \/>\n<meta property=\"article:publisher\" content=\"https:\/\/www.facebook.com\/asesoresturisticosleyhek\" \/>\n<meta property=\"article:published_time\" content=\"2025-08-21T16:40:47+00:00\" \/>\n<meta property=\"article:modified_time\" content=\"2025-09-02T01:16:36+00:00\" \/>\n<meta property=\"og:image\" content=\"https:\/\/enamoratedemexico.mx\/wp-content\/uploads\/2025\/08\/3e57d5e0-637c-4fe1-aa05-077377c716b9.jpg\" \/>\n\t<meta property=\"og:image:width\" content=\"2048\" \/>\n\t<meta property=\"og:image:height\" content=\"1366\" \/>\n\t<meta property=\"og:image:type\" content=\"image\/jpeg\" \/>\n<meta name=\"author\" content=\"beto@franja.me\" \/>\n<meta name=\"twitter:card\" content=\"summary_large_image\" \/>\n<meta name=\"twitter:label1\" content=\"Written by\" \/>\n\t<meta name=\"twitter:data1\" content=\"beto@franja.me\" \/>\n\t<meta name=\"twitter:label2\" content=\"Est. reading time\" \/>\n\t<meta name=\"twitter:data2\" content=\"3 minutes\" \/>\n<script type=\"application\/ld+json\" class=\"yoast-schema-graph\">{\"@context\":\"https:\/\/schema.org\",\"@graph\":[{\"@type\":[\"Article\",\"BlogPosting\"],\"@id\":\"https:\/\/enamoratedemexico.mx\/noche-de-muertos\/#article\",\"isPartOf\":{\"@id\":\"https:\/\/enamoratedemexico.mx\/noche-de-muertos\/\"},\"author\":{\"name\":\"beto@franja.me\",\"@id\":\"https:\/\/enamoratedemexico.mx\/#\/schema\/person\/7bbfbc820f49f6c2c7f710a83834cad8\"},\"headline\":\"Noche de Muertos\",\"datePublished\":\"2025-08-21T16:40:47+00:00\",\"dateModified\":\"2025-09-02T01:16:36+00:00\",\"mainEntityOfPage\":{\"@id\":\"https:\/\/enamoratedemexico.mx\/noche-de-muertos\/\"},\"wordCount\":357,\"publisher\":{\"@id\":\"https:\/\/enamoratedemexico.mx\/#organization\"},\"keywords\":[\"circuito\"],\"articleSection\":[\"Blog\"],\"inLanguage\":\"en-US\"},{\"@type\":\"WebPage\",\"@id\":\"https:\/\/enamoratedemexico.mx\/noche-de-muertos\/\",\"url\":\"https:\/\/enamoratedemexico.mx\/noche-de-muertos\/\",\"name\":\"Noche de Muertos\",\"isPartOf\":{\"@id\":\"https:\/\/enamoratedemexico.mx\/#website\"},\"datePublished\":\"2025-08-21T16:40:47+00:00\",\"dateModified\":\"2025-09-02T01:16:36+00:00\",\"description\":\"\u219211:45 am Cita puerta principal catedral sobre Av. Madero (en caso que est\u00e9 cerrada lavialidad se cambiar\u00e1 el punto de reuni\u00f3n y el cambio se les notificar\u00e1 por medio delgrupo de whatsapp, grupo que se realiza 1 d\u00eda antes de la salida del tour para darsugerencias y \u00faltimos detalles de la salida).\",\"breadcrumb\":{\"@id\":\"https:\/\/enamoratedemexico.mx\/noche-de-muertos\/#breadcrumb\"},\"inLanguage\":\"en-US\",\"potentialAction\":[{\"@type\":\"ReadAction\",\"target\":[\"https:\/\/enamoratedemexico.mx\/noche-de-muertos\/\"]}]},{\"@type\":\"BreadcrumbList\",\"@id\":\"https:\/\/enamoratedemexico.mx\/noche-de-muertos\/#breadcrumb\",\"itemListElement\":[{\"@type\":\"ListItem\",\"position\":1,\"name\":\"Home\",\"item\":\"https:\/\/enamoratedemexico.mx\/\"},{\"@type\":\"ListItem\",\"position\":2,\"name\":\"Noche de Muertos\"}]},{\"@type\":\"WebSite\",\"@id\":\"https:\/\/enamoratedemexico.mx\/#website\",\"url\":\"https:\/\/enamoratedemexico.mx\/\",\"name\":\"Home\",\"description\":\"\",\"publisher\":{\"@id\":\"https:\/\/enamoratedemexico.mx\/#organization\"},\"potentialAction\":[{\"@type\":\"SearchAction\",\"target\":{\"@type\":\"EntryPoint\",\"urlTemplate\":\"https:\/\/enamoratedemexico.mx\/?s={search_term_string}\"},\"query-input\":\"required name=search_term_string\"}],\"inLanguage\":\"en-US\"},{\"@type\":\"Organization\",\"@id\":\"https:\/\/enamoratedemexico.mx\/#organization\",\"name\":\"Home\",\"url\":\"https:\/\/enamoratedemexico.mx\/\",\"logo\":{\"@type\":\"ImageObject\",\"inLanguage\":\"en-US\",\"@id\":\"https:\/\/enamoratedemexico.mx\/#\/schema\/logo\/image\/\",\"url\":\"https:\/\/enamoratedemexico.mx\/wp-content\/uploads\/2023\/12\/logo-cora-1.png\",\"contentUrl\":\"https:\/\/enamoratedemexico.mx\/wp-content\/uploads\/2023\/12\/logo-cora-1.png\",\"width\":814,\"height\":217,\"caption\":\"Home\"},\"image\":{\"@id\":\"https:\/\/enamoratedemexico.mx\/#\/schema\/logo\/image\/\"},\"sameAs\":[\"https:\/\/www.facebook.com\/asesoresturisticosleyhek\",\"https:\/\/www.youtube.com\/channel\/UCu6oNLRBcbfH4eCAtDkdqJQ\"]},{\"@type\":\"Person\",\"@id\":\"https:\/\/enamoratedemexico.mx\/#\/schema\/person\/7bbfbc820f49f6c2c7f710a83834cad8\",\"name\":\"beto@franja.me\",\"image\":{\"@type\":\"ImageObject\",\"inLanguage\":\"en-US\",\"@id\":\"https:\/\/enamoratedemexico.mx\/#\/schema\/person\/image\/\",\"url\":\"https:\/\/secure.gravatar.com\/avatar\/7f842ae99008ce92c4e1e5bd63711c6e7349e938c973296498ff62bcf6a6e2f2?s=96&d=mm&r=g\",\"contentUrl\":\"https:\/\/secure.gravatar.com\/avatar\/7f842ae99008ce92c4e1e5bd63711c6e7349e938c973296498ff62bcf6a6e2f2?s=96&d=mm&r=g\",\"caption\":\"beto@franja.me\"},\"url\":\"https:\/\/enamoratedemexico.mx\/en\/author\/betofranja-me\/\"}]}<\/script>\n<!-- \/ Yoast SEO Premium plugin. -->","yoast_head_json":{"title":"Noche de Muertos","description":"\u219211:45 am Cita puerta principal catedral sobre Av. Madero (en caso que est\u00e9 cerrada lavialidad se cambiar\u00e1 el punto de reuni\u00f3n y el cambio se les notificar\u00e1 por medio delgrupo de whatsapp, grupo que se realiza 1 d\u00eda antes de la salida del tour para darsugerencias y \u00faltimos detalles de la salida).","robots":{"index":"index","follow":"follow","max-snippet":"max-snippet:-1","max-image-preview":"max-image-preview:large","max-video-preview":"max-video-preview:-1"},"canonical":"https:\/\/enamoratedemexico.mx\/en\/noche-de-muertos\/","og_locale":"en_US","og_type":"article","og_title":"Noche de Muertos","og_description":"\u219211:45 am Cita puerta principal catedral sobre Av. Madero (en caso que est\u00e9 cerrada lavialidad se cambiar\u00e1 el punto de reuni\u00f3n y el cambio se les notificar\u00e1 por medio delgrupo de whatsapp, grupo que se realiza 1 d\u00eda antes de la salida del tour para darsugerencias y \u00faltimos detalles de la salida).","og_url":"https:\/\/enamoratedemexico.mx\/en\/noche-de-muertos\/","og_site_name":"Enam\u00f3rate de M\u00e9xico","article_publisher":"https:\/\/www.facebook.com\/asesoresturisticosleyhek","article_published_time":"2025-08-21T16:40:47+00:00","article_modified_time":"2025-09-02T01:16:36+00:00","og_image":[{"width":2048,"height":1366,"url":"https:\/\/enamoratedemexico.mx\/wp-content\/uploads\/2025\/08\/3e57d5e0-637c-4fe1-aa05-077377c716b9.jpg","type":"image\/jpeg"}],"author":"beto@franja.me","twitter_card":"summary_large_image","twitter_misc":{"Written by":"beto@franja.me","Est. reading time":"3 minutes"},"schema":{"@context":"https:\/\/schema.org","@graph":[{"@type":["Article","BlogPosting"],"@id":"https:\/\/enamoratedemexico.mx\/noche-de-muertos\/#article","isPartOf":{"@id":"https:\/\/enamoratedemexico.mx\/noche-de-muertos\/"},"author":{"name":"beto@franja.me","@id":"https:\/\/enamoratedemexico.mx\/#\/schema\/person\/7bbfbc820f49f6c2c7f710a83834cad8"},"headline":"Noche de Muertos","datePublished":"2025-08-21T16:40:47+00:00","dateModified":"2025-09-02T01:16:36+00:00","mainEntityOfPage":{"@id":"https:\/\/enamoratedemexico.mx\/noche-de-muertos\/"},"wordCount":357,"publisher":{"@id":"https:\/\/enamoratedemexico.mx\/#organization"},"keywords":["circuito"],"articleSection":["Blog"],"inLanguage":"en-US"},{"@type":"WebPage","@id":"https:\/\/enamoratedemexico.mx\/noche-de-muertos\/","url":"https:\/\/enamoratedemexico.mx\/noche-de-muertos\/","name":"Noche de Muertos","isPartOf":{"@id":"https:\/\/enamoratedemexico.mx\/#website"},"datePublished":"2025-08-21T16:40:47+00:00","dateModified":"2025-09-02T01:16:36+00:00","description":"\u219211:45 am Cita puerta principal catedral sobre Av. Madero (en caso que est\u00e9 cerrada lavialidad se cambiar\u00e1 el punto de reuni\u00f3n y el cambio se les notificar\u00e1 por medio delgrupo de whatsapp, grupo que se realiza 1 d\u00eda antes de la salida del tour para darsugerencias y \u00faltimos detalles de la salida).","breadcrumb":{"@id":"https:\/\/enamoratedemexico.mx\/noche-de-muertos\/#breadcrumb"},"inLanguage":"en-US","potentialAction":[{"@type":"ReadAction","target":["https:\/\/enamoratedemexico.mx\/noche-de-muertos\/"]}]},{"@type":"BreadcrumbList","@id":"https:\/\/enamoratedemexico.mx\/noche-de-muertos\/#breadcrumb","itemListElement":[{"@type":"ListItem","position":1,"name":"Home","item":"https:\/\/enamoratedemexico.mx\/"},{"@type":"ListItem","position":2,"name":"Noche de Muertos"}]},{"@type":"WebSite","@id":"https:\/\/enamoratedemexico.mx\/#website","url":"https:\/\/enamoratedemexico.mx\/","name":"Home","description":"","publisher":{"@id":"https:\/\/enamoratedemexico.mx\/#organization"},"potentialAction":[{"@type":"SearchAction","target":{"@type":"EntryPoint","urlTemplate":"https:\/\/enamoratedemexico.mx\/?s={search_term_string}"},"query-input":"required name=search_term_string"}],"inLanguage":"en-US"},{"@type":"Organization","@id":"https:\/\/enamoratedemexico.mx\/#organization","name":"Home","url":"https:\/\/enamoratedemexico.mx\/","logo":{"@type":"ImageObject","inLanguage":"en-US","@id":"https:\/\/enamoratedemexico.mx\/#\/schema\/logo\/image\/","url":"https:\/\/enamoratedemexico.mx\/wp-content\/uploads\/2023\/12\/logo-cora-1.png","contentUrl":"https:\/\/enamoratedemexico.mx\/wp-content\/uploads\/2023\/12\/logo-cora-1.png","width":814,"height":217,"caption":"Home"},"image":{"@id":"https:\/\/enamoratedemexico.mx\/#\/schema\/logo\/image\/"},"sameAs":["https:\/\/www.facebook.com\/asesoresturisticosleyhek","https:\/\/www.youtube.com\/channel\/UCu6oNLRBcbfH4eCAtDkdqJQ"]},{"@type":"Person","@id":"https:\/\/enamoratedemexico.mx\/#\/schema\/person\/7bbfbc820f49f6c2c7f710a83834cad8","name":"beto@franja.me","image":{"@type":"ImageObject","inLanguage":"en-US","@id":"https:\/\/enamoratedemexico.mx\/#\/schema\/person\/image\/","url":"https:\/\/secure.gravatar.com\/avatar\/7f842ae99008ce92c4e1e5bd63711c6e7349e938c973296498ff62bcf6a6e2f2?s=96&d=mm&r=g","contentUrl":"https:\/\/secure.gravatar.com\/avatar\/7f842ae99008ce92c4e1e5bd63711c6e7349e938c973296498ff62bcf6a6e2f2?s=96&d=mm&r=g","caption":"beto@franja.me"},"url":"https:\/\/enamoratedemexico.mx\/en\/author\/betofranja-me\/"}]}},"_links":{"self":[{"href":"https:\/\/enamoratedemexico.mx\/en\/wp-json\/wp\/v2\/posts\/2713","targetHints":{"allow":["GET"]}}],"collection":[{"href":"https:\/\/enamoratedemexico.mx\/en\/wp-json\/wp\/v2\/posts"}],"about":[{"href":"https:\/\/enamoratedemexico.mx\/en\/wp-json\/wp\/v2\/types\/post"}],"author":[{"embeddable":true,"href":"https:\/\/enamoratedemexico.mx\/en\/wp-json\/wp\/v2\/users\/3"}],"replies":[{"embeddable":true,"href":"https:\/\/enamoratedemexico.mx\/en\/wp-json\/wp\/v2\/comments?post=2713"}],"version-history":[{"count":0,"href":"https:\/\/enamoratedemexico.mx\/en\/wp-json\/wp\/v2\/posts\/2713\/revisions"}],"wp:featuredmedia":[{"embeddable":true,"href":"https:\/\/enamoratedemexico.mx\/en\/wp-json\/wp\/v2\/media\/3118"}],"wp:attachment":[{"href":"https:\/\/enamoratedemexico.mx\/en\/wp-json\/wp\/v2\/media?parent=2713"}],"wp:term":[{"taxonomy":"category","embeddable":true,"href":"https:\/\/enamoratedemexico.mx\/en\/wp-json\/wp\/v2\/categories?post=2713"},{"taxonomy":"post_tag","embeddable":true,"href":"https:\/\/enamoratedemexico.mx\/en\/wp-json\/wp\/v2\/tags?post=2713"}],"curies":[{"name":"wp","href":"https:\/\/api.w.org\/{rel}","templated":true}]}}